{"id":8478,"date":"2023-09-25T11:57:41","date_gmt":"2023-09-25T11:57:41","guid":{"rendered":"http:\/\/schachclub-emmendingen.badischer-schachverband.de\/?p=8478"},"modified":"2023-09-25T11:57:41","modified_gmt":"2023-09-25T11:57:41","slug":"emmendingen-3-soelden-2-2","status":"publish","type":"post","link":"http:\/\/schachclub-emmendingen.badischer-schachverband.de\/index.php\/2023\/09\/25\/emmendingen-3-soelden-2-2\/","title":{"rendered":"Emmendingen 3 &#8211; S\u00f6lden 2"},"content":{"rendered":"<p>Die S\u00f6ldener kamen mit v\u00f6llig ver\u00e4nderter Mannschaft mit einigen Neuzug\u00e4ngen, so dass interessante Partien zu erwarten waren.<\/p>\n<p>Leider \u00fcbersah Karl Ziegler (5) die Ausweichm\u00f6glichkeit einer angegriffenen Leichtfigur und musste aufgeben. Beatrice Ogrinz (7) spulte ihre Partie souver\u00e4n ab und sicherte Emmendingen den ersten Siegpunkt. Dann endeten fast gleichzeitig die \u00fcbrigen Partien. Yarob Orabi (2), Daniel Ziganenko (6) mit Turmendspielen und Torsten Frank (3) mit L\u00e4uferendspiel hatten jeweils eine Remispartie. Axel Wolf (4) hatte ein Damenendspiel mit Springer gegen L\u00e4ufer. Er musste den Springer abgeben, um einen Freibauern zum Umwandlungsfeld zu bringen. Leider beherrschte der gegnerische L\u00e4ufer dieses. Nach Damentausch folgte die Aufgabe.<br \/>\nAm Spitzenbrett startete Janik Janzing im 17. Zug eine L\u00e4uferattacke, die ihn aber in erheblichen Nachteil brachte. Er konnte nicht mehr ausgleichen und verlor.<\/p>\n<p>Am Ende hatte Emmendingen 2 mit 2,5:4,5 verloren.<br \/>\nDer n\u00e4chste Kampf findet am 15.10. in Freiburg West statt.<\/p>\n","protected":false},"excerpt":{"rendered":"<p>Die S\u00f6ldener kamen mit v\u00f6llig ver\u00e4nderter Mannschaft mit einigen Neuzug\u00e4ngen, so dass interessante Partien zu erwarten waren. Leider \u00fcbersah Karl Ziegler (5) die Ausweichm\u00f6glichkeit einer angegriffenen Leichtfigur und musste aufgeben. Beatrice Ogrinz (7) spulte ihre Partie souver\u00e4n ab und sicherte Emmendingen den ersten Siegpunkt. Dann endeten fast gleichzeitig die \u00fcbrigen Partien. Yarob Orabi (2), Daniel &hellip; <a href=\"http:\/\/schachclub-emmendingen.badischer-schachverband.de\/index.php\/2023\/09\/25\/emmendingen-3-soelden-2-2\/\" class=\"more-link\"><span class=\"screen-reader-text\">Emmendingen 3 &#8211; S\u00f6lden 2<\/span> weiterlesen <span class=\"meta-nav\">&rarr;<\/span><\/a><\/p>\n","protected":false},"author":4,"featured_media":0,"comment_status":"closed","ping_status":"closed","sticky":false,"template":"","format":"standard","meta":{"footnotes":""},"categories":[9],"tags":[],"class_list":["post-8478","post","type-post","status-publish","format-standard","hentry","category-mannschaften"],"_links":{"self":[{"href":"http:\/\/schachclub-emmendingen.badischer-schachverband.de\/index.php\/wp-json\/wp\/v2\/posts\/8478","targetHints":{"allow":["GET"]}}],"collection":[{"href":"http:\/\/schachclub-emmendingen.badischer-schachverband.de\/index.php\/wp-json\/wp\/v2\/posts"}],"about":[{"href":"http:\/\/schachclub-emmendingen.badischer-schachverband.de\/index.php\/wp-json\/wp\/v2\/types\/post"}],"author":[{"embeddable":true,"href":"http:\/\/schachclub-emmendingen.badischer-schachverband.de\/index.php\/wp-json\/wp\/v2\/users\/4"}],"replies":[{"embeddable":true,"href":"http:\/\/schachclub-emmendingen.badischer-schachverband.de\/index.php\/wp-json\/wp\/v2\/comments?post=8478"}],"version-history":[{"count":1,"href":"http:\/\/schachclub-emmendingen.badischer-schachverband.de\/index.php\/wp-json\/wp\/v2\/posts\/8478\/revisions"}],"predecessor-version":[{"id":8479,"href":"http:\/\/schachclub-emmendingen.badischer-schachverband.de\/index.php\/wp-json\/wp\/v2\/posts\/8478\/revisions\/8479"}],"wp:attachment":[{"href":"http:\/\/schachclub-emmendingen.badischer-schachverband.de\/index.php\/wp-json\/wp\/v2\/media?parent=8478"}],"wp:term":[{"taxonomy":"category","embeddable":true,"href":"http:\/\/schachclub-emmendingen.badischer-schachverband.de\/index.php\/wp-json\/wp\/v2\/categories?post=8478"},{"taxonomy":"post_tag","embeddable":true,"href":"http:\/\/schachclub-emmendingen.badischer-schachverband.de\/index.php\/wp-json\/wp\/v2\/tags?post=8478"}],"curies":[{"name":"wp","href":"https:\/\/api.w.org\/{rel}","templated":true}]}}