{"id":7552,"date":"2021-07-06T10:39:56","date_gmt":"2021-07-06T10:39:56","guid":{"rendered":"http:\/\/schachclub-emmendingen.badischer-schachverband.de\/?p=7552"},"modified":"2021-07-06T10:39:56","modified_gmt":"2021-07-06T10:39:56","slug":"saison-fuer-4-und-5-mannschaft-beendet","status":"publish","type":"post","link":"http:\/\/schachclub-emmendingen.badischer-schachverband.de\/index.php\/2021\/07\/06\/saison-fuer-4-und-5-mannschaft-beendet\/","title":{"rendered":"Saison f\u00fcr 4. und 5. Mannschaft beendet"},"content":{"rendered":"<p>Am 04.07. war der Start f\u00fcr die Fortsetzung der Mannschaftsk\u00e4mpfe in der Verbandsrunde.<br \/>\nAuf dem Verbandstag am 26.06. in Brombach war beschlossen worden, die Termine 04.07. und 25.07. frei zu geben.<br \/>\nDar\u00fcber hinaus war den Bezirken \u00fcberlassen worden, ob diese die Termine \u00fcbernehmen wollen oder zu einer anderen Regelung kommen.<br \/>\nIm Schachbezirk Freiburg fragte der Bezirksvorsitzende Gerhard Prill mit einer Blitzumfrage das Meinungsbild der Vereine ab. Von 22 Vereinen stimmten nur 4, darunter der SC Emmendingen, f\u00fcr eine Fortsetzung der Saison. So fiel am 29.06. die Entscheidung, die Saison 2019\/20 mit der siebten Runde zu beenden. Der erreichte Tabellenrang gilt auch f\u00fcr Auf- und Abstiege.<br \/>\nF\u00fcr den SC Emmendingen bedeutet das, die Vierte steigt in die Kreisklasse A auf. Die F\u00fcnfte verbleibt in der Kreisklasse C.<br \/>\nDie vorbereiteten Mannschaftsaufstellungen waren leider hinf\u00e4llig.<\/p>\n","protected":false},"excerpt":{"rendered":"<p>Am 04.07. war der Start f\u00fcr die Fortsetzung der Mannschaftsk\u00e4mpfe in der Verbandsrunde. Auf dem Verbandstag am 26.06. in Brombach war beschlossen worden, die Termine 04.07. und 25.07. frei zu geben. Dar\u00fcber hinaus war den Bezirken \u00fcberlassen worden, ob diese die Termine \u00fcbernehmen wollen oder zu einer anderen Regelung kommen. Im Schachbezirk Freiburg fragte der &hellip; <a href=\"http:\/\/schachclub-emmendingen.badischer-schachverband.de\/index.php\/2021\/07\/06\/saison-fuer-4-und-5-mannschaft-beendet\/\" class=\"more-link\"><span class=\"screen-reader-text\">Saison f\u00fcr 4. und 5. Mannschaft beendet<\/span> weiterlesen <span class=\"meta-nav\">&rarr;<\/span><\/a><\/p>\n","protected":false},"author":4,"featured_media":0,"comment_status":"closed","ping_status":"closed","sticky":false,"template":"","format":"standard","meta":{"footnotes":""},"categories":[47],"tags":[],"class_list":["post-7552","post","type-post","status-publish","format-standard","hentry","category-allgemein"],"_links":{"self":[{"href":"http:\/\/schachclub-emmendingen.badischer-schachverband.de\/index.php\/wp-json\/wp\/v2\/posts\/7552","targetHints":{"allow":["GET"]}}],"collection":[{"href":"http:\/\/schachclub-emmendingen.badischer-schachverband.de\/index.php\/wp-json\/wp\/v2\/posts"}],"about":[{"href":"http:\/\/schachclub-emmendingen.badischer-schachverband.de\/index.php\/wp-json\/wp\/v2\/types\/post"}],"author":[{"embeddable":true,"href":"http:\/\/schachclub-emmendingen.badischer-schachverband.de\/index.php\/wp-json\/wp\/v2\/users\/4"}],"replies":[{"embeddable":true,"href":"http:\/\/schachclub-emmendingen.badischer-schachverband.de\/index.php\/wp-json\/wp\/v2\/comments?post=7552"}],"version-history":[{"count":2,"href":"http:\/\/schachclub-emmendingen.badischer-schachverband.de\/index.php\/wp-json\/wp\/v2\/posts\/7552\/revisions"}],"predecessor-version":[{"id":7554,"href":"http:\/\/schachclub-emmendingen.badischer-schachverband.de\/index.php\/wp-json\/wp\/v2\/posts\/7552\/revisions\/7554"}],"wp:attachment":[{"href":"http:\/\/schachclub-emmendingen.badischer-schachverband.de\/index.php\/wp-json\/wp\/v2\/media?parent=7552"}],"wp:term":[{"taxonomy":"category","embeddable":true,"href":"http:\/\/schachclub-emmendingen.badischer-schachverband.de\/index.php\/wp-json\/wp\/v2\/categories?post=7552"},{"taxonomy":"post_tag","embeddable":true,"href":"http:\/\/schachclub-emmendingen.badischer-schachverband.de\/index.php\/wp-json\/wp\/v2\/tags?post=7552"}],"curies":[{"name":"wp","href":"https:\/\/api.w.org\/{rel}","templated":true}]}}