{"id":7090,"date":"2019-11-12T04:33:07","date_gmt":"2019-11-12T04:33:07","guid":{"rendered":"http:\/\/schachclub-emmendingen.badischer-schachverband.de\/?p=7090"},"modified":"2019-11-12T05:27:29","modified_gmt":"2019-11-12T05:27:29","slug":"emmendingen-3-denzlingen","status":"publish","type":"post","link":"http:\/\/schachclub-emmendingen.badischer-schachverband.de\/index.php\/2019\/11\/12\/emmendingen-3-denzlingen\/","title":{"rendered":"Emmendingen 3 &#8211; Denzlingen"},"content":{"rendered":"<p>Die G\u00e4ste aus Denzlingen traten mit einer unvollst\u00e4ndigen Mannschaft an und gaben damit bereits zu Beginn einen Brettpunkt ab, den sich Bernd Zimmermann (8) zubuchen konnte.<br \/>\nAm Spitzenbrett hatte sich Gerhard Kiefer einem scharfen Alapin-Sizilianer zu erwehren und kam \u00fcber ein Remis nicht hinaus. Hermann Schrems (2) konnte einen Freibauern gewinnen, den er souver\u00e4n zum Umwandlungsfeld f\u00fchrte. Iouri Sorokovski (3) kam nicht gut aus der Er\u00f6ffnung und musste passen. Michael Gihr (4) gab zwei Bauern f\u00fcr einen L\u00e4ufer und f\u00fchrte die Partie sicher zum Sieg.<br \/>\nDurch die Ergebnisse der oberen Mannschaftsh\u00e4lfte plus dem Bonus am unbesetzten Brett waren 3,5 Punkte beisammen. Die \u00fcbrigen Bretter mit Tomas Penya (5), Daniel Reifsteck (6) und Ruben Gihr (7) konnten je ein Remis beisteuern, so dass der Kampf 5:3 f\u00fcr Emmendingen ausging.<\/p>\n<p>Durch drei deutliche Siege aller Mannschaften 3,4 und 5 war dieser Heimspieltag \u00e4u\u00dferst erfolgreich.<\/p>\n","protected":false},"excerpt":{"rendered":"<p>Die G\u00e4ste aus Denzlingen traten mit einer unvollst\u00e4ndigen Mannschaft an und gaben damit bereits zu Beginn einen Brettpunkt ab, den sich Bernd Zimmermann (8) zubuchen konnte. Am Spitzenbrett hatte sich Gerhard Kiefer einem scharfen Alapin-Sizilianer zu erwehren und kam \u00fcber ein Remis nicht hinaus. Hermann Schrems (2) konnte einen Freibauern gewinnen, den er souver\u00e4n zum &hellip; <a href=\"http:\/\/schachclub-emmendingen.badischer-schachverband.de\/index.php\/2019\/11\/12\/emmendingen-3-denzlingen\/\" class=\"more-link\"><span class=\"screen-reader-text\">Emmendingen 3 &#8211; Denzlingen<\/span> weiterlesen <span class=\"meta-nav\">&rarr;<\/span><\/a><\/p>\n","protected":false},"author":4,"featured_media":0,"comment_status":"closed","ping_status":"closed","sticky":false,"template":"","format":"standard","meta":{"footnotes":""},"categories":[9],"tags":[],"class_list":["post-7090","post","type-post","status-publish","format-standard","hentry","category-mannschaften"],"_links":{"self":[{"href":"http:\/\/schachclub-emmendingen.badischer-schachverband.de\/index.php\/wp-json\/wp\/v2\/posts\/7090","targetHints":{"allow":["GET"]}}],"collection":[{"href":"http:\/\/schachclub-emmendingen.badischer-schachverband.de\/index.php\/wp-json\/wp\/v2\/posts"}],"about":[{"href":"http:\/\/schachclub-emmendingen.badischer-schachverband.de\/index.php\/wp-json\/wp\/v2\/types\/post"}],"author":[{"embeddable":true,"href":"http:\/\/schachclub-emmendingen.badischer-schachverband.de\/index.php\/wp-json\/wp\/v2\/users\/4"}],"replies":[{"embeddable":true,"href":"http:\/\/schachclub-emmendingen.badischer-schachverband.de\/index.php\/wp-json\/wp\/v2\/comments?post=7090"}],"version-history":[{"count":3,"href":"http:\/\/schachclub-emmendingen.badischer-schachverband.de\/index.php\/wp-json\/wp\/v2\/posts\/7090\/revisions"}],"predecessor-version":[{"id":7103,"href":"http:\/\/schachclub-emmendingen.badischer-schachverband.de\/index.php\/wp-json\/wp\/v2\/posts\/7090\/revisions\/7103"}],"wp:attachment":[{"href":"http:\/\/schachclub-emmendingen.badischer-schachverband.de\/index.php\/wp-json\/wp\/v2\/media?parent=7090"}],"wp:term":[{"taxonomy":"category","embeddable":true,"href":"http:\/\/schachclub-emmendingen.badischer-schachverband.de\/index.php\/wp-json\/wp\/v2\/categories?post=7090"},{"taxonomy":"post_tag","embeddable":true,"href":"http:\/\/schachclub-emmendingen.badischer-schachverband.de\/index.php\/wp-json\/wp\/v2\/tags?post=7090"}],"curies":[{"name":"wp","href":"https:\/\/api.w.org\/{rel}","templated":true}]}}