{"id":6117,"date":"2019-03-11T05:16:55","date_gmt":"2019-03-11T05:16:55","guid":{"rendered":"http:\/\/schachclub-emmendingen.badischer-schachverband.de\/?p=6117"},"modified":"2019-03-11T05:22:55","modified_gmt":"2019-03-11T05:22:55","slug":"emmendingen-5-oberwinden-4-2","status":"publish","type":"post","link":"http:\/\/schachclub-emmendingen.badischer-schachverband.de\/index.php\/2019\/03\/11\/emmendingen-5-oberwinden-4-2\/","title":{"rendered":"Emmendingen 5 &#8211; Oberwinden 4"},"content":{"rendered":"<p>Oberwinden 4 war in der \u00fcblichen Formation angetreten. Diese gen\u00fcgte, um SCE 5 eine deftige Niederlage zu verpassen. Dabei war f\u00fcr Emmendingen wesentlich mehr drin.<\/p>\n<p>Am Spitzenbrett forcierte Jonas V\u00f6gtlin mit schwarzen Figuren aus der Er\u00f6ffnung einen fulminanten Angriff, der ihn sofort in erheblichen Vorteil brachte. Doch fand er nicht die richtige Fortsetzung, das Spiel verflachte zum Remis.<br \/>\nAn Brett 2 sah Daniel Ziganenko in der Er\u00f6ffnung eine interessante Kombination, f\u00fchrte diese aber nicht gut aus und verlor die Dame. Diesen Verlust konnte er bis zum Ende nicht ausgleichen. Hans Hipp (3) \u00f6ffnete selbst zum Nachteil die f-Linie und bekam Druck auf f7. Um diesen Punkt ging der Kampf. Dar\u00fcber hinaus musste ein Matt auf h7 verhindert werden. Beim Abdecken ging eine Leichtfigur verloren. Diese fehlte in der Fortsetzung und die Parie ging verloren.<br \/>\nG\u00fcnter Mench (4) gab in der Er\u00f6ffnung ohne Zwang eine Figur f\u00fcr 2 Bauern, die er im Verlauf der Partie zur\u00fcckgeben musste. Auch diese Partie ging verloren. SCE 5 hatte sich eine deftige 0,5:3,5-Niederlage eingefangen.<\/p>\n","protected":false},"excerpt":{"rendered":"<p>Oberwinden 4 war in der \u00fcblichen Formation angetreten. Diese gen\u00fcgte, um SCE 5 eine deftige Niederlage zu verpassen. Dabei war f\u00fcr Emmendingen wesentlich mehr drin. Am Spitzenbrett forcierte Jonas V\u00f6gtlin mit schwarzen Figuren aus der Er\u00f6ffnung einen fulminanten Angriff, der ihn sofort in erheblichen Vorteil brachte. Doch fand er nicht die richtige Fortsetzung, das Spiel &hellip; <a href=\"http:\/\/schachclub-emmendingen.badischer-schachverband.de\/index.php\/2019\/03\/11\/emmendingen-5-oberwinden-4-2\/\" class=\"more-link\"><span class=\"screen-reader-text\">Emmendingen 5 &#8211; Oberwinden 4<\/span> weiterlesen <span class=\"meta-nav\">&rarr;<\/span><\/a><\/p>\n","protected":false},"author":4,"featured_media":0,"comment_status":"closed","ping_status":"closed","sticky":false,"template":"","format":"standard","meta":{"footnotes":""},"categories":[9],"tags":[],"class_list":["post-6117","post","type-post","status-publish","format-standard","hentry","category-mannschaften"],"_links":{"self":[{"href":"http:\/\/schachclub-emmendingen.badischer-schachverband.de\/index.php\/wp-json\/wp\/v2\/posts\/6117","targetHints":{"allow":["GET"]}}],"collection":[{"href":"http:\/\/schachclub-emmendingen.badischer-schachverband.de\/index.php\/wp-json\/wp\/v2\/posts"}],"about":[{"href":"http:\/\/schachclub-emmendingen.badischer-schachverband.de\/index.php\/wp-json\/wp\/v2\/types\/post"}],"author":[{"embeddable":true,"href":"http:\/\/schachclub-emmendingen.badischer-schachverband.de\/index.php\/wp-json\/wp\/v2\/users\/4"}],"replies":[{"embeddable":true,"href":"http:\/\/schachclub-emmendingen.badischer-schachverband.de\/index.php\/wp-json\/wp\/v2\/comments?post=6117"}],"version-history":[{"count":4,"href":"http:\/\/schachclub-emmendingen.badischer-schachverband.de\/index.php\/wp-json\/wp\/v2\/posts\/6117\/revisions"}],"predecessor-version":[{"id":6121,"href":"http:\/\/schachclub-emmendingen.badischer-schachverband.de\/index.php\/wp-json\/wp\/v2\/posts\/6117\/revisions\/6121"}],"wp:attachment":[{"href":"http:\/\/schachclub-emmendingen.badischer-schachverband.de\/index.php\/wp-json\/wp\/v2\/media?parent=6117"}],"wp:term":[{"taxonomy":"category","embeddable":true,"href":"http:\/\/schachclub-emmendingen.badischer-schachverband.de\/index.php\/wp-json\/wp\/v2\/categories?post=6117"},{"taxonomy":"post_tag","embeddable":true,"href":"http:\/\/schachclub-emmendingen.badischer-schachverband.de\/index.php\/wp-json\/wp\/v2\/tags?post=6117"}],"curies":[{"name":"wp","href":"https:\/\/api.w.org\/{rel}","templated":true}]}}