{"id":4988,"date":"2017-11-28T14:06:33","date_gmt":"2017-11-28T14:06:33","guid":{"rendered":"http:\/\/schachclub-emmendingen.badischer-schachverband.de\/?p=4988"},"modified":"2017-11-28T14:06:33","modified_gmt":"2017-11-28T14:06:33","slug":"daniel-ziganenko-wird-bezirks-blitzmeister-u8","status":"publish","type":"post","link":"http:\/\/schachclub-emmendingen.badischer-schachverband.de\/index.php\/2017\/11\/28\/daniel-ziganenko-wird-bezirks-blitzmeister-u8\/","title":{"rendered":"Daniel Ziganenko wird Bezirks-Blitzmeister U8"},"content":{"rendered":"<h5>Gro\u00dfartiger Erfolg f\u00fcr den Emmendinger Nachwuchsspieler<\/h5>\n<p>Am vergangenen Wochenende fand in Tiengen in Regie des SC S\u00f6lden die diesj\u00e4hrige Bezirks-Blitzmeisterschaft der Jugend statt. Vom SC Emmendingen nahm <strong>Daniel Ziganenko<\/strong> in seiner Klasse U8 teil. Er k\u00e4mpfte sich unter 12 Teilnehmern gro\u00dfartig an die Spitze und wurde <strong>Bezirks-Blitzmeister U8<\/strong>.<br \/>\nWir gratulieren herzlich!<\/p>\n<table>\n<tbody>\n<tr class=\"green\">\n<td style=\"text-align: center;\">Bezirksjugend-Blitz-Einzelmeisterschaft 2017\u00a0\u00a0 U 8<\/td>\n<\/tr>\n<\/tbody>\n<\/table>\n<table>\n<thead><\/thead>\n<tbody>\n<tr class=\"green\">\n<td>Rang<\/td>\n<td>Name<\/td>\n<td>Attr.<\/td>\n<td>Verein\/Ort<\/td>\n<td>Punkte<\/td>\n<td>SoBerg<\/td>\n<\/tr>\n<tr class=\"yellow\">\n<td>1<\/td>\n<td>Ziganenko, Daniel<\/td>\n<td><\/td>\n<td>SC Emmendingen<\/td>\n<td>10,5<\/td>\n<td>51,75<\/td>\n<\/tr>\n<tr>\n<td>2<\/td>\n<td>Geck, Rasmus<\/td>\n<td><\/td>\n<td>Clara-Gr\u00fcnwald-Schule<\/td>\n<td>8,0<\/td>\n<td>36,50<\/td>\n<\/tr>\n<tr>\n<td>3<\/td>\n<td>Reinert, Jonah<\/td>\n<td><\/td>\n<td>SC Staufen<\/td>\n<td>8,0<\/td>\n<td>34,00<\/td>\n<\/tr>\n<tr>\n<td>4<\/td>\n<td>Tsokev, Atanas<\/td>\n<td><\/td>\n<td>SC Heitersheim<\/td>\n<td>7,5<\/td>\n<td>31,75<\/td>\n<\/tr>\n<tr>\n<td>5<\/td>\n<td>Meier, Victoria<\/td>\n<td>w<\/td>\n<td>Eichstetten<\/td>\n<td>7,0<\/td>\n<td>28,00<\/td>\n<\/tr>\n<tr>\n<td>6<\/td>\n<td>Schulz, Timon<\/td>\n<td><\/td>\n<td>Eichstetten<\/td>\n<td>5,5<\/td>\n<td>21,75<\/td>\n<\/tr>\n<tr>\n<td>7<\/td>\n<td>Wolf, Yannick<\/td>\n<td><\/td>\n<td>Eichstetten<\/td>\n<td>5,5<\/td>\n<td>18,25<\/td>\n<\/tr>\n<tr>\n<td>8<\/td>\n<td>Baumann, Amelie<\/td>\n<td>w<\/td>\n<td>SK Endingen<\/td>\n<td>5,0<\/td>\n<td>17,50<\/td>\n<\/tr>\n<tr>\n<td>9<\/td>\n<td>Elfering, Alon<\/td>\n<td><\/td>\n<td>Clara-Gr\u00fcnwald-Schule<\/td>\n<td>4,0<\/td>\n<td>13,00<\/td>\n<\/tr>\n<tr>\n<td>10<\/td>\n<td>Schneider, Jana<\/td>\n<td>w<\/td>\n<td>SK Endingen<\/td>\n<td>4,0<\/td>\n<td>11,50<\/td>\n<\/tr>\n<tr>\n<td>11<\/td>\n<td>M\u00fcller, Isabelle<\/td>\n<td>w<\/td>\n<td>Clara-Gr\u00fcnwald-Schule<\/td>\n<td>1,0<\/td>\n<td>0,00<\/td>\n<\/tr>\n<tr>\n<td>12<\/td>\n<td>Omaira, Sofia<\/td>\n<td>w<\/td>\n<td>Clara-Gr\u00fcnwald-Schule<\/td>\n<td>0,0<\/td>\n<td>0,00<\/td>\n<\/tr>\n<\/tbody>\n<\/table>\n<figure id=\"attachment_4995\" aria-describedby=\"caption-attachment-4995\" style=\"width: 200px\" class=\"wp-caption alignnone\"><a href=\"http:\/\/schachclub-emmendingen.badischer-schachverband.de\/wp-content\/uploads\/2017\/11\/MG_7338.jpg\"><img loading=\"lazy\" decoding=\"async\" class=\"wp-image-4995 size-medium\" src=\"http:\/\/schachclub-emmendingen.badischer-schachverband.de\/wp-content\/uploads\/2017\/11\/MG_7338-200x300.jpg\" alt=\"Originalbild unter: http:\/\/kenz-fotodesign.fotograf.de\/photo\/5a148237-4148-400a-\" width=\"200\" height=\"300\" srcset=\"http:\/\/schachclub-emmendingen.badischer-schachverband.de\/wp-content\/uploads\/2017\/11\/MG_7338-200x300.jpg 200w, http:\/\/schachclub-emmendingen.badischer-schachverband.de\/wp-content\/uploads\/2017\/11\/MG_7338-768x1152.jpg 768w, http:\/\/schachclub-emmendingen.badischer-schachverband.de\/wp-content\/uploads\/2017\/11\/MG_7338-683x1024.jpg 683w, http:\/\/schachclub-emmendingen.badischer-schachverband.de\/wp-content\/uploads\/2017\/11\/MG_7338.jpg 1667w\" sizes=\"auto, (max-width: 200px) 100vw, 200px\" \/><\/a><figcaption id=\"caption-attachment-4995\" class=\"wp-caption-text\">Blitz-Bezirksmeister U8 Daniel Ziganenko erh\u00e4lt seine Troph\u00e4e (Foto: Kenz Fotodesign)<\/figcaption><\/figure>\n","protected":false},"excerpt":{"rendered":"<p>Gro\u00dfartiger Erfolg f\u00fcr den Emmendinger Nachwuchsspieler Am vergangenen Wochenende fand in Tiengen in Regie des SC S\u00f6lden die diesj\u00e4hrige Bezirks-Blitzmeisterschaft der Jugend statt. Vom SC Emmendingen nahm Daniel Ziganenko in seiner Klasse U8 teil. Er k\u00e4mpfte sich unter 12 Teilnehmern gro\u00dfartig an die Spitze und wurde Bezirks-Blitzmeister U8. Wir gratulieren herzlich! Bezirksjugend-Blitz-Einzelmeisterschaft 2017\u00a0\u00a0 U 8 &hellip; <a href=\"http:\/\/schachclub-emmendingen.badischer-schachverband.de\/index.php\/2017\/11\/28\/daniel-ziganenko-wird-bezirks-blitzmeister-u8\/\" class=\"more-link\"><span class=\"screen-reader-text\">Daniel Ziganenko wird Bezirks-Blitzmeister U8<\/span> weiterlesen <span class=\"meta-nav\">&rarr;<\/span><\/a><\/p>\n","protected":false},"author":4,"featured_media":0,"comment_status":"closed","ping_status":"closed","sticky":false,"template":"","format":"standard","meta":{"footnotes":""},"categories":[47,43],"tags":[],"class_list":["post-4988","post","type-post","status-publish","format-standard","hentry","category-allgemein","category-blitz"],"_links":{"self":[{"href":"http:\/\/schachclub-emmendingen.badischer-schachverband.de\/index.php\/wp-json\/wp\/v2\/posts\/4988","targetHints":{"allow":["GET"]}}],"collection":[{"href":"http:\/\/schachclub-emmendingen.badischer-schachverband.de\/index.php\/wp-json\/wp\/v2\/posts"}],"about":[{"href":"http:\/\/schachclub-emmendingen.badischer-schachverband.de\/index.php\/wp-json\/wp\/v2\/types\/post"}],"author":[{"embeddable":true,"href":"http:\/\/schachclub-emmendingen.badischer-schachverband.de\/index.php\/wp-json\/wp\/v2\/users\/4"}],"replies":[{"embeddable":true,"href":"http:\/\/schachclub-emmendingen.badischer-schachverband.de\/index.php\/wp-json\/wp\/v2\/comments?post=4988"}],"version-history":[{"count":7,"href":"http:\/\/schachclub-emmendingen.badischer-schachverband.de\/index.php\/wp-json\/wp\/v2\/posts\/4988\/revisions"}],"predecessor-version":[{"id":4996,"href":"http:\/\/schachclub-emmendingen.badischer-schachverband.de\/index.php\/wp-json\/wp\/v2\/posts\/4988\/revisions\/4996"}],"wp:attachment":[{"href":"http:\/\/schachclub-emmendingen.badischer-schachverband.de\/index.php\/wp-json\/wp\/v2\/media?parent=4988"}],"wp:term":[{"taxonomy":"category","embeddable":true,"href":"http:\/\/schachclub-emmendingen.badischer-schachverband.de\/index.php\/wp-json\/wp\/v2\/categories?post=4988"},{"taxonomy":"post_tag","embeddable":true,"href":"http:\/\/schachclub-emmendingen.badischer-schachverband.de\/index.php\/wp-json\/wp\/v2\/tags?post=4988"}],"curies":[{"name":"wp","href":"https:\/\/api.w.org\/{rel}","templated":true}]}}