{"id":3646,"date":"2013-04-21T10:10:06","date_gmt":"2013-04-21T10:10:06","guid":{"rendered":"http:\/\/schachclub-emmendingen.badischer-schachverband.de\/?p=3646"},"modified":"2017-01-02T17:56:05","modified_gmt":"2017-01-02T17:56:05","slug":"grossartiger-saisonabschluss","status":"publish","type":"post","link":"http:\/\/schachclub-emmendingen.badischer-schachverband.de\/index.php\/2013\/04\/21\/grossartiger-saisonabschluss\/","title":{"rendered":"Gro\u00dfartiger Saisonabschlu\u00df"},"content":{"rendered":"<h5>Verbandsliga &#8211; 21.04.2013 Runde 9<\/h5>\n<h3>Vier Siege, zwei Teams steigen auf<\/h3>\n<p>Eine \u00fcberaus erfolgreiche Saison ist zu Ende.<\/p>\n<p>Zweiter Platz f\u00fcr die erste Mannschaft als Neuling in der Verbandsliga knapp hinter Meister Z\u00e4hringen. Damit wurde das urspr\u00fcngliche Saisonziel \u201eKlassenerhalt\u201c um L\u00e4ngen \u00fcbertroffen. F\u00fcr die n\u00e4chste Saison kann nun der Aufstieg in die Oberliga angepeilt werden.<br \/>\nDer letzte Mannschaftskampf beim abstiegsbedrohten SC Iffezheim war noch eine spannende Angelegenheit, bis schlie\u00dflich nach Siegen von Christof Herbrechtsmeier, J\u00f6rg Weidemann und Gerhard Kiefer bei Remispartien durch Marcos Osorio, Andreas Bauer und Jouri Sorokovski der knappe Sieg mit 4,5 : 3,5 feststand.<br \/>\nDie <a href=\"http:\/\/bsv-ergebnisdienst.de\/index.php?p1=0:pa:VLS-12-9\" target=\"_blank\">Tabelle<\/a> nach dem 9. Spieltag.<\/p>\n<p>F\u00fcnf Siege in Folge erzielte die zweite Mannschaft zuletzt in der Bezirksklasse. Nach schwachem Start wurde damit der 4. Platz erreicht, nur hauchd\u00fcnn hinter den Aufstiegspl\u00e4tzen. In der letzten Runde gelang gar beim bisherigen Tabellenf\u00fchrer Bad Krozingen \u00fcberraschend ein deutlicher Sieg mit 5,5 :2,5. Alle acht Spieler punkteten, Torsten Frank, Toni Gens und Daniel Reifsteck erzielten Siege, Markus Roos, Joachim Fleischer, Karl Ziegler und Axel Wolf steuerten Remis bei.<\/p>\n<p>Den Aufstieg in die Bezirksklasse schaffte die dritte Mannschaft, die \u00fcberwiegend mit Senioren besetzt ist. Als Aufsteiger in die Kreisklasse A mit dem Ziel Klassenerhalt gestartet, wurde schlu\u00dfendlich der zweite Tabellenplatz und damit der erneute Aufstieg erk\u00e4mpft. Schlu\u00dfpunkt war der 4,5 : 3,5 Sieg bei der zweiten Mannschaft von Denzlingen. Ulrich Steinke, R\u00fcdiger Schmedding und Fritz Schneider holten Siege, Andreas Haas, Franz Sifnatsch und Bruno Savkovic steuerten Remis bei.<\/p>\n<p>In einem Herzschlagfinale schaffte die vierte Mannschaft den Aufstieg in die Kreisklasse B.<br \/>\nMit einem klaren 4 : 1 im letzten Spiel bei Endingen 5 konnte die Konkurrenz aus S\u00f6lden um einen halben Brettpunkt distanziert werden. Die aus Jugendspielern bestehende Vierte macht damit deutlich auf ihre Spielst\u00e4rke aufmerksam und strebt nach h\u00f6herem. Die aufstiegsentscheidenden Punkte holten Aryan Deghan, Jan Sorokovski, Stefan B\u00fchler und Peter Sikolenko.<\/p>\n","protected":false},"excerpt":{"rendered":"<p>Verbandsliga &#8211; 21.04.2013 Runde 9 Vier Siege, zwei Teams steigen auf Eine \u00fcberaus erfolgreiche Saison ist zu Ende. Zweiter Platz f\u00fcr die erste Mannschaft als Neuling in der Verbandsliga knapp hinter Meister Z\u00e4hringen. Damit wurde das urspr\u00fcngliche Saisonziel \u201eKlassenerhalt\u201c um L\u00e4ngen \u00fcbertroffen. F\u00fcr die n\u00e4chste Saison kann nun der Aufstieg in die Oberliga angepeilt werden. &hellip; <a href=\"http:\/\/schachclub-emmendingen.badischer-schachverband.de\/index.php\/2013\/04\/21\/grossartiger-saisonabschluss\/\" class=\"more-link\"><span class=\"screen-reader-text\">Gro\u00dfartiger Saisonabschlu\u00df<\/span> weiterlesen <span class=\"meta-nav\">&rarr;<\/span><\/a><\/p>\n","protected":false},"author":73,"featured_media":0,"comment_status":"closed","ping_status":"closed","sticky":false,"template":"","format":"standard","meta":{"footnotes":""},"categories":[9],"tags":[],"class_list":["post-3646","post","type-post","status-publish","format-standard","hentry","category-mannschaften"],"_links":{"self":[{"href":"http:\/\/schachclub-emmendingen.badischer-schachverband.de\/index.php\/wp-json\/wp\/v2\/posts\/3646","targetHints":{"allow":["GET"]}}],"collection":[{"href":"http:\/\/schachclub-emmendingen.badischer-schachverband.de\/index.php\/wp-json\/wp\/v2\/posts"}],"about":[{"href":"http:\/\/schachclub-emmendingen.badischer-schachverband.de\/index.php\/wp-json\/wp\/v2\/types\/post"}],"author":[{"embeddable":true,"href":"http:\/\/schachclub-emmendingen.badischer-schachverband.de\/index.php\/wp-json\/wp\/v2\/users\/73"}],"replies":[{"embeddable":true,"href":"http:\/\/schachclub-emmendingen.badischer-schachverband.de\/index.php\/wp-json\/wp\/v2\/comments?post=3646"}],"version-history":[{"count":4,"href":"http:\/\/schachclub-emmendingen.badischer-schachverband.de\/index.php\/wp-json\/wp\/v2\/posts\/3646\/revisions"}],"predecessor-version":[{"id":3881,"href":"http:\/\/schachclub-emmendingen.badischer-schachverband.de\/index.php\/wp-json\/wp\/v2\/posts\/3646\/revisions\/3881"}],"wp:attachment":[{"href":"http:\/\/schachclub-emmendingen.badischer-schachverband.de\/index.php\/wp-json\/wp\/v2\/media?parent=3646"}],"wp:term":[{"taxonomy":"category","embeddable":true,"href":"http:\/\/schachclub-emmendingen.badischer-schachverband.de\/index.php\/wp-json\/wp\/v2\/categories?post=3646"},{"taxonomy":"post_tag","embeddable":true,"href":"http:\/\/schachclub-emmendingen.badischer-schachverband.de\/index.php\/wp-json\/wp\/v2\/tags?post=3646"}],"curies":[{"name":"wp","href":"https:\/\/api.w.org\/{rel}","templated":true}]}}