{"id":3623,"date":"2012-10-21T09:38:33","date_gmt":"2012-10-21T09:38:33","guid":{"rendered":"http:\/\/schachclub-emmendingen.badischer-schachverband.de\/?p=3623"},"modified":"2016-11-19T10:33:27","modified_gmt":"2016-11-19T10:33:27","slug":"durchwachsener-start-in-die-verbandsrunde","status":"publish","type":"post","link":"http:\/\/schachclub-emmendingen.badischer-schachverband.de\/index.php\/2012\/10\/21\/durchwachsener-start-in-die-verbandsrunde\/","title":{"rendered":"Durchwachsener Start in die Verbandsrunde"},"content":{"rendered":"<h5>Verbandsliga &#8211; 21.10.2012 Runde 1<\/h5>\n<h3>Mit zwei Siegen und zwei Niederlagen in die neue Saison<\/h3>\n<p>Die erste Mannschaft als Aufsteiger strebt im ersten Jahr in der Verbandsliga S\u00fcd den Klassenerhalt mit einem guten Mittelplatz an. Der Auftakt bei Horben 1 missgl\u00fcckte allerdings mit einer<br \/>\n3:5-Niederlage. Die Emmendinger mussten ohne drei Spitzenspieler antreten. So reichte es nur zu einem Sieg durch Marcos Osorio und vier Remisen durch Andreas Bauer, Jouri Sorokovski. Wolfgang Schmid und Andreas H\u00fcgle.<br \/>\nDie <a target=\"_blank\" href=\"http:\/\/bsv-ergebnisdienst.de\/index.php?p1=0:pa:VLS-12-1\">Tabelle<\/a> nach dem 1. Spieltag.<\/p>\n<p>Die zweite Mannschaft trat ebenfalls in Horben gegen die dortige Zweite an. Durch die Ersatzgestellung f\u00fcr die Erste auch geschw\u00e4cht, fiel die Auftaktniederlage mit 1,5 : 6,5 recht deutlich aus. Lediglich Daniel Reifsteck mit einem Sieg und Wolfgang Dederichs mit Remis konnten punkten.<\/p>\n<p>Die dritte Mannschaft ist mit Senioren besetzt und schaffte im Vorjahr \u00fcberraschend den Aufstieg in die Kreisklasse A. Auch hier ist die Sicherung des Klassenerhalts das erste Ziel, f\u00fcr das der 5 : 3 Auftaktsieg bei S\u00f6lden 2 ein guter Einstieg ist. Die Punkte holten Ulrich Steinke, Franz Sifnatsch, Bruno Savcovic und Bernhard Frank mit Siegen sowie Andreas Haas und Bruno Grohm\u00fcller mit Remis.<\/p>\n<p>Die vierte Mannschaft strebt in der Kreisklasse C einen guten Mittelplatz an. Das mit Jugendspielern besetzte Team startete mit einem klaren 4:1-Erfolg bei Horben 4. Andreas Heidenreich, Florian B\u00f6ttcher, Stefan B\u00fchler und Peter Sicolenko steuerten je einen Sieg bei.<\/p>\n","protected":false},"excerpt":{"rendered":"<p>Verbandsliga &#8211; 21.10.2012 Runde 1 Mit zwei Siegen und zwei Niederlagen in die neue Saison Die erste Mannschaft als Aufsteiger strebt im ersten Jahr in der Verbandsliga S\u00fcd den Klassenerhalt mit einem guten Mittelplatz an. Der Auftakt bei Horben 1 missgl\u00fcckte allerdings mit einer 3:5-Niederlage. Die Emmendinger mussten ohne drei Spitzenspieler antreten. So reichte es &hellip; <a href=\"http:\/\/schachclub-emmendingen.badischer-schachverband.de\/index.php\/2012\/10\/21\/durchwachsener-start-in-die-verbandsrunde\/\" class=\"more-link\"><span class=\"screen-reader-text\">Durchwachsener Start in die Verbandsrunde<\/span> weiterlesen <span class=\"meta-nav\">&rarr;<\/span><\/a><\/p>\n","protected":false},"author":73,"featured_media":0,"comment_status":"closed","ping_status":"closed","sticky":false,"template":"","format":"standard","meta":{"footnotes":""},"categories":[9],"tags":[],"class_list":["post-3623","post","type-post","status-publish","format-standard","hentry","category-mannschaften"],"_links":{"self":[{"href":"http:\/\/schachclub-emmendingen.badischer-schachverband.de\/index.php\/wp-json\/wp\/v2\/posts\/3623","targetHints":{"allow":["GET"]}}],"collection":[{"href":"http:\/\/schachclub-emmendingen.badischer-schachverband.de\/index.php\/wp-json\/wp\/v2\/posts"}],"about":[{"href":"http:\/\/schachclub-emmendingen.badischer-schachverband.de\/index.php\/wp-json\/wp\/v2\/types\/post"}],"author":[{"embeddable":true,"href":"http:\/\/schachclub-emmendingen.badischer-schachverband.de\/index.php\/wp-json\/wp\/v2\/users\/73"}],"replies":[{"embeddable":true,"href":"http:\/\/schachclub-emmendingen.badischer-schachverband.de\/index.php\/wp-json\/wp\/v2\/comments?post=3623"}],"version-history":[{"count":3,"href":"http:\/\/schachclub-emmendingen.badischer-schachverband.de\/index.php\/wp-json\/wp\/v2\/posts\/3623\/revisions"}],"predecessor-version":[{"id":3661,"href":"http:\/\/schachclub-emmendingen.badischer-schachverband.de\/index.php\/wp-json\/wp\/v2\/posts\/3623\/revisions\/3661"}],"wp:attachment":[{"href":"http:\/\/schachclub-emmendingen.badischer-schachverband.de\/index.php\/wp-json\/wp\/v2\/media?parent=3623"}],"wp:term":[{"taxonomy":"category","embeddable":true,"href":"http:\/\/schachclub-emmendingen.badischer-schachverband.de\/index.php\/wp-json\/wp\/v2\/categories?post=3623"},{"taxonomy":"post_tag","embeddable":true,"href":"http:\/\/schachclub-emmendingen.badischer-schachverband.de\/index.php\/wp-json\/wp\/v2\/tags?post=3623"}],"curies":[{"name":"wp","href":"https:\/\/api.w.org\/{rel}","templated":true}]}}