{"id":3591,"date":"2011-11-05T20:31:35","date_gmt":"2011-11-05T20:31:35","guid":{"rendered":"http:\/\/schachclub-emmendingen.badischer-schachverband.de\/?p=3591"},"modified":"2016-11-19T09:44:54","modified_gmt":"2016-11-19T09:44:54","slug":"schachclub-emmendingen-glanzvoller-rundenstart","status":"publish","type":"post","link":"http:\/\/schachclub-emmendingen.badischer-schachverband.de\/index.php\/2011\/11\/05\/schachclub-emmendingen-glanzvoller-rundenstart\/","title":{"rendered":"Glanzvoller Rundenstart"},"content":{"rendered":"<p>Die Emmendinger starteten mit drei klaren Siegen und einem Remis ausgezeichnet in die Verbandsrunde 2011\/2012.<\/p>\n<p>Der Schachclub hat sich f\u00fcr dieses Jahr klare Ziele gesetzt.<\/p>\n<p>Die erste Mannschaft spielt in der Landesliga und will in die Verbandsliga aufsteigen. Zum Auftakt kam Waldshut-Tiengen 2, stark geschw\u00e4cht mit nur 5 Spielern. An den Brettern 1 bis 5 konnten sich J. Weidemann, M. Osorio-Ortiz, C. Herbrechtsmeier, M. Stock und I. Sorokovski mehr oder weniger klar durchsetzen zum Endresultat von 8:0.<\/p>\n<p>Die 2. Mannschaft will in der Bezirksklasse den Klassenerhalt fr\u00fcher klarmachen als in der letzten Saison. Der starke Gegner Horben 2 lieferte einen harten Kampf.<br \/>\nNach Siegen von R. Schmedding, W. Dederichs, und T. Pena sowie Remis von A. Wolf und T. Frank stand es 4.3. Die letzte Partie war ein Zeitnotdrama, in dem der G\u00e4stespieler gl\u00fccklich f\u00fcr seine Mannschaft das 4:4 retten konnte.<\/p>\n<p>Die dritte Mannschaft spielt in der Kreisklasse B und strebt einen guten Mittelplatz an. Zum Auftakt hatten die G\u00e4ste von Horben 4 gegen die stark aufgestellten Hausherren keine wirkliche Chance. Siege von F.Sifnatsch, U. Steinke, B. Grohm\u00fcller, B. Savkovic und H. Homeier sowie Remis von A. Haas und B. Zimmermann f\u00fchrten zum 6.2 Ergebnis.<\/p>\n<p>Die vierte Mannschaft, \u00fcberwiegend mit Jugendspielern, spielt in der Kreisklasse C und soll sich Richtung oberes Tabellendrittel orientieren. Erster Gegner war Dreisamtal 3. Die G\u00e4ste taten sich sehr schwer und gewannen mit viel Gl\u00fcck lediglich eine Partie. Unsere jungen Spieler A. Dehgan, A. Heidenreich, D. Reifsteck und S. B\u00fchler holten hingegen volle Punkte zum klaren 4:1 Auftaktsieg.<\/p>\n","protected":false},"excerpt":{"rendered":"<p>Die Emmendinger starteten mit drei klaren Siegen und einem Remis ausgezeichnet in die Verbandsrunde 2011\/2012. Der Schachclub hat sich f\u00fcr dieses Jahr klare Ziele gesetzt. Die erste Mannschaft spielt in der Landesliga und will in die Verbandsliga aufsteigen. Zum Auftakt kam Waldshut-Tiengen 2, stark geschw\u00e4cht mit nur 5 Spielern. An den Brettern 1 bis 5 &hellip; <a href=\"http:\/\/schachclub-emmendingen.badischer-schachverband.de\/index.php\/2011\/11\/05\/schachclub-emmendingen-glanzvoller-rundenstart\/\" class=\"more-link\"><span class=\"screen-reader-text\">Glanzvoller Rundenstart<\/span> weiterlesen <span class=\"meta-nav\">&rarr;<\/span><\/a><\/p>\n","protected":false},"author":73,"featured_media":0,"comment_status":"closed","ping_status":"closed","sticky":false,"template":"","format":"standard","meta":{"footnotes":""},"categories":[9],"tags":[],"class_list":["post-3591","post","type-post","status-publish","format-standard","hentry","category-mannschaften"],"_links":{"self":[{"href":"http:\/\/schachclub-emmendingen.badischer-schachverband.de\/index.php\/wp-json\/wp\/v2\/posts\/3591","targetHints":{"allow":["GET"]}}],"collection":[{"href":"http:\/\/schachclub-emmendingen.badischer-schachverband.de\/index.php\/wp-json\/wp\/v2\/posts"}],"about":[{"href":"http:\/\/schachclub-emmendingen.badischer-schachverband.de\/index.php\/wp-json\/wp\/v2\/types\/post"}],"author":[{"embeddable":true,"href":"http:\/\/schachclub-emmendingen.badischer-schachverband.de\/index.php\/wp-json\/wp\/v2\/users\/73"}],"replies":[{"embeddable":true,"href":"http:\/\/schachclub-emmendingen.badischer-schachverband.de\/index.php\/wp-json\/wp\/v2\/comments?post=3591"}],"version-history":[{"count":2,"href":"http:\/\/schachclub-emmendingen.badischer-schachverband.de\/index.php\/wp-json\/wp\/v2\/posts\/3591\/revisions"}],"predecessor-version":[{"id":3627,"href":"http:\/\/schachclub-emmendingen.badischer-schachverband.de\/index.php\/wp-json\/wp\/v2\/posts\/3591\/revisions\/3627"}],"wp:attachment":[{"href":"http:\/\/schachclub-emmendingen.badischer-schachverband.de\/index.php\/wp-json\/wp\/v2\/media?parent=3591"}],"wp:term":[{"taxonomy":"category","embeddable":true,"href":"http:\/\/schachclub-emmendingen.badischer-schachverband.de\/index.php\/wp-json\/wp\/v2\/categories?post=3591"},{"taxonomy":"post_tag","embeddable":true,"href":"http:\/\/schachclub-emmendingen.badischer-schachverband.de\/index.php\/wp-json\/wp\/v2\/tags?post=3591"}],"curies":[{"name":"wp","href":"https:\/\/api.w.org\/{rel}","templated":true}]}}